{"id":1023,"date":"2026-02-27T03:30:44","date_gmt":"2026-02-27T06:30:44","guid":{"rendered":"https:\/\/carlosgonzalez.com.uy\/?p=1023"},"modified":"2026-02-27T03:30:44","modified_gmt":"2026-02-27T06:30:44","slug":"uruguay-y-brasil-avanzan-hacia-una-historica-conexion-fluvial-y-lacustre-en-la-laguna-merin","status":"publish","type":"post","link":"https:\/\/carlosgonzalez.com.uy\/?p=1023","title":{"rendered":"Uruguay y Brasil avanzan hacia una hist\u00f3rica conexi\u00f3n fluvial y lacustre en la Laguna Mer\u00edn"},"content":{"rendered":"<p>Fuente: Visi\u00f3n Mar\u00edtima Los pr\u00f3ximos 3 y 10 de marzo marcar\u00e1n fechas decisivas para concretar&#8230;<br \/>\nLa entrada Uruguay y Brasil avanzan hacia una hist\u00f3rica conexi\u00f3n fluvial y lacustre en la Laguna Mer\u00edn se public\u00f3 primero en C\u00e1mara Uruguaya de Log\u00edstica.<\/p>\n","protected":false},"excerpt":{"rendered":"<p>Fuente: Visi\u00f3n Mar\u00edtima Los pr\u00f3ximos 3 y 10 de marzo marcar\u00e1n fechas decisivas para concretar&#8230; La entrada Uruguay y Brasil avanzan hacia una hist\u00f3rica conexi\u00f3n fluvial y lacustre en la Laguna Mer\u00edn se public\u00f3 primero en C\u00e1mara Uruguaya de Log\u00edstica.<\/p>\n","protected":false},"author":1,"featured_media":0,"comment_status":"closed","ping_status":"closed","sticky":false,"template":"","format":"standard","meta":[],"categories":[26],"tags":[],"_links":{"self":[{"href":"https:\/\/carlosgonzalez.com.uy\/index.php?rest_route=\/wp\/v2\/posts\/1023"}],"collection":[{"href":"https:\/\/carlosgonzalez.com.uy\/index.php?rest_route=\/wp\/v2\/posts"}],"about":[{"href":"https:\/\/carlosgonzalez.com.uy\/index.php?rest_route=\/wp\/v2\/types\/post"}],"author":[{"embeddable":true,"href":"https:\/\/carlosgonzalez.com.uy\/index.php?rest_route=\/wp\/v2\/users\/1"}],"replies":[{"embeddable":true,"href":"https:\/\/carlosgonzalez.com.uy\/index.php?rest_route=%2Fwp%2Fv2%2Fcomments&post=1023"}],"version-history":[{"count":0,"href":"https:\/\/carlosgonzalez.com.uy\/index.php?rest_route=\/wp\/v2\/posts\/1023\/revisions"}],"wp:attachment":[{"href":"https:\/\/carlosgonzalez.com.uy\/index.php?rest_route=%2Fwp%2Fv2%2Fmedia&parent=1023"}],"wp:term":[{"taxonomy":"category","embeddable":true,"href":"https:\/\/carlosgonzalez.com.uy\/index.php?rest_route=%2Fwp%2Fv2%2Fcategories&post=1023"},{"taxonomy":"post_tag","embeddable":true,"href":"https:\/\/carlosgonzalez.com.uy\/index.php?rest_route=%2Fwp%2Fv2%2Ftags&post=1023"}],"curies":[{"name":"wp","href":"https:\/\/api.w.org\/{rel}","templated":true}]}}